{"id":5,"__str__":"Assuntos Relacionados \u00e0 Seguran\u00e7a na Cidade","metadata":{},"numero":5,"ano":2019,"nome":"Assuntos Relacionados \u00e0 Seguran\u00e7a na Cidade","tema":"Seguran\u00e7a","data":"2019-09-12","hora_inicio":"18:21","hora_fim":"21:10","observacao":"","audiencia_cancelada":false,"url_audio":"","url_video":"https://www.youtube.com/watch?v=ELaSsQFASWQ","upload_pauta":null,"upload_ata":null,"upload_anexo":null,"materia":null,"tipo":1,"parlamentar_autor":null,"requerimento":null}