{"id":136,"__str__":"Indica\u00e7\u00e3o n\u00ba 41 de 2019","metadata":{},"numero":41,"ano":2019,"numero_protocolo":124,"data_apresentacao":"2019-03-27","tipo_apresentacao":"E","data_publicacao":null,"numero_origem_externa":"","ano_origem_externa":null,"data_origem_externa":null,"apelido":"","dias_prazo":null,"data_fim_prazo":null,"em_tramitacao":false,"polemica":false,"objeto":"","complementar":null,"ementa":"Disp\u00f5e sobre solicitar ao Exmo. Sr. Prefeito a reforma da Quadra Poliesportiva que fica no interior da E.M. Jo\u00e3o Jos\u00e9 de Carvalho (Jo\u00e3o Guelo), localizada no Cruzeiro, bairro da Rasa.","indexacao":"reforma da Quadra Poliesportiva que fica no interior da E.M. Jo\u00e3o Jos\u00e9 de Carvalho (Jo\u00e3o Guelo)","observacao":"","resultado":"","texto_original":"https://sapl-cmab.freeddns.org/media/sapl/public/materialegislativa/2019/136/41-2019_-_ind_-_josue_-_reforma_da_quadra_polies_oT9v9p9.pdf","data_ultima_atualizacao":"2019-08-28T09:23:50.513216-03:00","ip":"","ultima_edicao":null,"tipo":10,"regime_tramitacao":1,"tipo_origem_externa":null,"local_origem_externa":null,"user":null,"anexadas":[],"autores":[5]}