{"id":3876,"__str__":"Projeto de Lei Ordin\u00e1ria n\u00ba 5 de 2025","metadata":{},"numero":5,"ano":2025,"numero_protocolo":6,"data_apresentacao":"2025-01-20","tipo_apresentacao":"","data_publicacao":null,"numero_origem_externa":"","ano_origem_externa":null,"data_origem_externa":null,"apelido":"","dias_prazo":null,"data_fim_prazo":null,"em_tramitacao":false,"polemica":false,"objeto":"","complementar":false,"ementa":"Disp\u00f5e sobre disciplinar o uso de celulares e outros aparelhos eletr\u00f4nicos/tecnol\u00f3gicos nas unidades escolares do munic\u00edpio de Arma\u00e7\u00e3o dos B\u00fazios.","indexacao":"Disciplinar - Aparelhos eletr\u00f4nicos - tecnol\u00f3gicos - unidades escolares","observacao":"","resultado":"","texto_original":"https://sapl-cmab.freeddns.org/media/sapl/public/materialegislativa/2025/3876/projeto_de_lei_ordinaria_no_5_de_2025_aurelio_barros_disciplinar_o_uso_de_celulares_e_outros_aparelhos_eletronicostecnologicos_nas_escolas.pdf","data_ultima_atualizacao":"2025-05-09T09:29:52.140700-03:00","ip":"192.168.1.64","ultima_edicao":"2025-01-20T12:31:09.433187-03:00","tipo":1,"regime_tramitacao":1,"tipo_origem_externa":null,"local_origem_externa":null,"user":53,"anexadas":[4027],"autores":[45]}