{"id":3895,"__str__":"Indica\u00e7\u00e3o n\u00ba 13 de 2025","metadata":{},"numero":13,"ano":2025,"numero_protocolo":21,"data_apresentacao":"2025-02-03","tipo_apresentacao":"","data_publicacao":null,"numero_origem_externa":"","ano_origem_externa":null,"data_origem_externa":null,"apelido":"","dias_prazo":null,"data_fim_prazo":null,"em_tramitacao":false,"polemica":false,"objeto":"","complementar":false,"ementa":"Disp\u00f5e sobre solicitar ao Exmo. Senhor Prefeito,  a reforma e coloca\u00e7\u00e3o de cobertura da quadra que fica na Pra\u00e7a de S\u00e3o Jos\u00e9, bem como os brinquedos do parque infantil da mesma.","indexacao":"Cobertura - quadra - Pra\u00e7a de S\u00e3o Jos\u00e9 - brinquedos - parque infantil","observacao":"","resultado":"","texto_original":"https://sapl-cmab.freeddns.org/media/sapl/public/materialegislativa/2025/3895/indicacao_no_13_de_2025_josue_pereira_reforma_praca_sao_jose.pdf","data_ultima_atualizacao":"2025-03-17T09:08:39.721426-03:00","ip":"192.168.1.64","ultima_edicao":"2025-02-03T16:39:34.476551-03:00","tipo":10,"regime_tramitacao":1,"tipo_origem_externa":null,"local_origem_externa":null,"user":53,"anexadas":[],"autores":[5]}