{"id":3992,"__str__":"Indica\u00e7\u00e3o n\u00ba 61 de 2025","metadata":{},"numero":61,"ano":2025,"numero_protocolo":92,"data_apresentacao":"2025-03-14","tipo_apresentacao":"E","data_publicacao":null,"numero_origem_externa":"","ano_origem_externa":null,"data_origem_externa":null,"apelido":"","dias_prazo":null,"data_fim_prazo":null,"em_tramitacao":false,"polemica":false,"objeto":"","complementar":false,"ementa":"Disp\u00f5e sobre solicitar ao Exmo. Senhor Prefeito, a inclus\u00e3o no PPA (Plano Plurianual) 2026-2029, a Constru\u00e7\u00e3o de uma Pra\u00e7a voltada \u00e0s diversas defici\u00eancias (f\u00edsica, visual, auditiva, intelectual, psicossocial e a defici\u00eancia m\u00faltipla) e Pessoas com Transtorno do Espectro Autista (TEA) com acompanhamento de profissional capacitado para atend\u00ea-los.","indexacao":"Constru\u00e7\u00e3o  - Pra\u00e7a - Defici\u00eancias -F\u00edsica- Visual - Auditiva - Intelectual - Psicossocial - Defici\u00eancia m\u00faltipla - Pessoas com Transtorno do Espectro Autista - TEA","observacao":"","resultado":"","texto_original":"https://sapl-cmab.freeddns.org/media/sapl/public/materialegislativa/2025/3992/indicacao_no_61_de_2025_toni_russo_praca_autista.pdf","data_ultima_atualizacao":"2025-04-07T09:51:40.850297-03:00","ip":"192.168.1.64","ultima_edicao":"2025-03-14T16:31:00.007872-03:00","tipo":10,"regime_tramitacao":1,"tipo_origem_externa":null,"local_origem_externa":null,"user":53,"anexadas":[],"autores":[56]}