{"id":4008,"__str__":"Indica\u00e7\u00e3o n\u00ba 72 de 2025","metadata":{},"numero":72,"ano":2025,"numero_protocolo":107,"data_apresentacao":"2025-03-18","tipo_apresentacao":"E","data_publicacao":null,"numero_origem_externa":"","ano_origem_externa":null,"data_origem_externa":null,"apelido":"","dias_prazo":null,"data_fim_prazo":null,"em_tramitacao":false,"polemica":false,"objeto":"","complementar":false,"ementa":"Disp\u00f5e sobre solicitar ao Exmo. Senhor Prefeito, a constru\u00e7\u00e3o e amplia\u00e7\u00e3o do pr\u00e9dio pr\u00f3prio da Creche Municipal Ivonete Trindade, no bairro da Cem Bra\u00e7as.","indexacao":"Constru\u00e7\u00e3o - Amplia\u00e7\u00e3o - Pr\u00e9dio - Creche Municipal - Ivonete Trindade - Cem Bra\u00e7as","observacao":"","resultado":"","texto_original":"https://sapl-cmab.freeddns.org/media/sapl/public/materialegislativa/2025/4008/indicacao_no_72_de_2025_josue_construcao_da_sede_da_creche_tia_ivonete.pdf","data_ultima_atualizacao":"2025-04-07T08:19:02.603662-03:00","ip":"192.168.1.64","ultima_edicao":"2025-03-18T16:26:30.009893-03:00","tipo":10,"regime_tramitacao":1,"tipo_origem_externa":null,"local_origem_externa":null,"user":53,"anexadas":[],"autores":[5]}