{"id":4121,"__str__":"Indica\u00e7\u00e3o n\u00ba 122 de 2025","metadata":{},"numero":122,"ano":2025,"numero_protocolo":208,"data_apresentacao":"2025-04-16","tipo_apresentacao":"E","data_publicacao":null,"numero_origem_externa":"","ano_origem_externa":null,"data_origem_externa":null,"apelido":"","dias_prazo":null,"data_fim_prazo":null,"em_tramitacao":false,"polemica":false,"objeto":"","complementar":false,"ementa":"Disp\u00f5e sobre solicitar ao Exmo. Senhor Prefeito, a Reforma e Revitaliza\u00e7\u00e3o do Gin\u00e1sio Poliesportivo da Pra\u00e7a Tia Uia (Pra\u00e7a do INEF), no bairro da Rasa.","indexacao":"Reforma - Revitaliza\u00e7\u00e3o - Gin\u00e1sio - Poliesportivo - Pra\u00e7a - Tia Uia  - Pra\u00e7a do INEF - Rasa","observacao":"","resultado":"","texto_original":"https://sapl-cmab.freeddns.org/media/sapl/public/materialegislativa/2025/4121/indicacao_no_122_de_2025_victor_santos_reforma_do_ginasio_da_rasa.pdf","data_ultima_atualizacao":"2025-04-30T11:42:11.271380-03:00","ip":"192.168.1.64","ultima_edicao":"2025-04-16T10:54:04.356339-03:00","tipo":10,"regime_tramitacao":1,"tipo_origem_externa":null,"local_origem_externa":null,"user":53,"anexadas":[],"autores":[43]}