{"id":4260,"__str__":"Indica\u00e7\u00e3o n\u00ba 152 de 2025","metadata":{},"numero":152,"ano":2025,"numero_protocolo":329,"data_apresentacao":"2025-06-02","tipo_apresentacao":"E","data_publicacao":null,"numero_origem_externa":"","ano_origem_externa":null,"data_origem_externa":null,"apelido":"","dias_prazo":null,"data_fim_prazo":null,"em_tramitacao":true,"polemica":false,"objeto":"","complementar":false,"ementa":"Disp\u00f5e sobre Solicitar ao Exmo. Senhor Prefeito, a cria\u00e7\u00e3o de Curso de Postura Profissional para Servidores da Recep\u00e7\u00e3o nos Servi\u00e7os P\u00fablicos.","indexacao":"Curso - Postura Profissional - Servidores da Recep\u00e7\u00e3o - Servi\u00e7os P\u00fablicos","observacao":"PUBLICADO NO DOL_E N\u00ba0027_17_06_2025 P\u00c1G:03","resultado":"","texto_original":"https://sapl-cmab.freeddns.org/media/sapl/public/materialegislativa/2025/4260/indicacao_no_152_de_2025_uriel_curso_de_postura_para_recepcionistas_do_servico__publico..pdf","data_ultima_atualizacao":"2025-10-14T14:58:11.616185-03:00","ip":"192.168.1.72","ultima_edicao":"2025-06-17T15:07:23.545733-03:00","tipo":10,"regime_tramitacao":1,"tipo_origem_externa":null,"local_origem_externa":null,"user":60,"anexadas":[],"autores":[48]}