{"id":4385,"__str__":"Indica\u00e7\u00e3o n\u00ba 188 de 2025","metadata":{},"numero":188,"ano":2025,"numero_protocolo":438,"data_apresentacao":"2025-08-13","tipo_apresentacao":"","data_publicacao":null,"numero_origem_externa":"","ano_origem_externa":null,"data_origem_externa":null,"apelido":"","dias_prazo":null,"data_fim_prazo":null,"em_tramitacao":false,"polemica":false,"objeto":"","complementar":false,"ementa":"Disp\u00f5e sobre solicitar ao Prefeito que atenda a reivindica\u00e7\u00e3o dos moradores da Rua das Flores do Ip\u00ea, em Vila Verde, com a constru\u00e7\u00e3o de uma Pra\u00e7a de Lazer, um Posto de Sa\u00fade, uma creche e Ponto de \u00d4nibus.","indexacao":"Rua das Flores do Ip\u00ea Pra\u00e7a de LazeR Posto Sa\u00fade creche  Ponto \u00d4nibus.","observacao":"Publicado no DOL-e0049_14_08_2025","resultado":"","texto_original":"https://sapl-cmab.freeddns.org/media/sapl/public/materialegislativa/2025/4385/indicacao_no_188_de_2025_anderson_chaves_praca_de_lazer_rua_das_flores_vila_verde_rasa.pdf","data_ultima_atualizacao":"2025-09-10T09:08:51.864112-03:00","ip":"192.168.1.72","ultima_edicao":"2025-08-14T15:33:10.194704-03:00","tipo":10,"regime_tramitacao":1,"tipo_origem_externa":null,"local_origem_externa":null,"user":60,"anexadas":[],"autores":[55]}