{"id":4401,"__str__":"Indica\u00e7\u00e3o n\u00ba 195 de 2025","metadata":{},"numero":195,"ano":2025,"numero_protocolo":451,"data_apresentacao":"2025-08-20","tipo_apresentacao":"","data_publicacao":null,"numero_origem_externa":"","ano_origem_externa":null,"data_origem_externa":null,"apelido":"","dias_prazo":null,"data_fim_prazo":null,"em_tramitacao":false,"polemica":false,"objeto":"","complementar":false,"ementa":"Disp\u00f5e sobre a solicitar a reforma e amplia\u00e7\u00e3o da Biblioteca Municipal, com intuito de valorizar as \u00e1reas da educa\u00e7\u00e3o, cultura e acesso \u00e0 informa\u00e7\u00e3o no munic\u00edpio.","indexacao":"Biblioteca Municipal  educa\u00e7\u00e3o  informa\u00e7\u00e3o","observacao":"Publicado no DOL-e 0055/2025_21_08_2025","resultado":"","texto_original":"https://sapl-cmab.freeddns.org/media/sapl/public/materialegislativa/2025/4401/indicacao_no_195_de_2025_uriel_da_saude_ampliacao_da_biblioteca.docx.pdf","data_ultima_atualizacao":"2025-08-27T15:33:07.354677-03:00","ip":"192.168.1.72","ultima_edicao":"2025-08-21T14:48:56.061370-03:00","tipo":10,"regime_tramitacao":1,"tipo_origem_externa":null,"local_origem_externa":null,"user":60,"anexadas":[],"autores":[48]}