{"id":4540,"__str__":"Indica\u00e7\u00e3o n\u00ba 230 de 2025","metadata":{},"numero":230,"ano":2025,"numero_protocolo":549,"data_apresentacao":"2025-10-10","tipo_apresentacao":"E","data_publicacao":null,"numero_origem_externa":"","ano_origem_externa":null,"data_origem_externa":null,"apelido":"","dias_prazo":null,"data_fim_prazo":null,"em_tramitacao":false,"polemica":false,"objeto":"","complementar":false,"ementa":"Disp\u00f5e sobre solicitar ao Exmo. Senhor Prefeito, a institui\u00e7\u00e3o no \u00e2mbito do Hospital Municipal Rodolpho Perriss\u00e9, uma \u00e1rea espec\u00edfica de Aten\u00e7\u00e3o ao Trauma Infantil, destinada ao acolhimento, atendimento e acompanhamento de crian\u00e7as v\u00edtimas de acidentes e viol\u00eancias.","indexacao":"institui\u00e7\u00e3o Hospital Municipal Rodolpho Perriss\u00e9 \u00e1rea espec\u00edfica  Aten\u00e7\u00e3o Trauma Infantil destinada ao acolhimento, atendimento acompanhamento de crian\u00e7as v\u00edtimas de acidentes e viol\u00eancias.","observacao":"Publicado no DOL-e 0092/2025- 15/10/2025","resultado":"","texto_original":"https://sapl-cmab.freeddns.org/media/sapl/public/materialegislativa/2025/4540/indicacao_no_230_de_2025_uriel_da_saude_trauma_infantil.pdf","data_ultima_atualizacao":"2025-10-23T15:16:14.573025-03:00","ip":"192.168.1.72","ultima_edicao":"2025-10-15T15:27:34.825308-03:00","tipo":10,"regime_tramitacao":1,"tipo_origem_externa":null,"local_origem_externa":null,"user":60,"anexadas":[],"autores":[48]}