{"id":4662,"__str__":"Projeto de Emenda Modificativa n\u00ba 31 de 2025","metadata":{},"numero":31,"ano":2025,"numero_protocolo":652,"data_apresentacao":"2025-12-03","tipo_apresentacao":"E","data_publicacao":null,"numero_origem_externa":"","ano_origem_externa":null,"data_origem_externa":null,"apelido":"","dias_prazo":null,"data_fim_prazo":null,"em_tramitacao":false,"polemica":false,"objeto":"","complementar":false,"ementa":"Emenda Impositiva \u00e0 Lei Or\u00e7ament\u00e1ria Anual \u2013 LOA 2026, ao Projeto de Lei n\u00ba 212/2025, que destina recursos ao Fundo Municipal de Sa\u00fade, \u00e0 Secretaria Municipal da Pessoa com Defici\u00eancia, ao Fundo Municipal de Cultura, e a Secretaria Municipal de Ordem P\u00fablica.","indexacao":"Emenda Impositiva Lei Or\u00e7ament\u00e1ria Anual \u2013 LOA 2026 Projeto de Lei n\u00ba 212/2025 Fundo Municipal de Sa\u00fade, \u00e0 Secretaria Municipal da Pessoa com Defici\u00eancia, ao Fundo Municipal de Cultura, e a Secretaria Municipal de Ordem P\u00fablica","observacao":"","resultado":"","texto_original":"https://sapl-cmab.freeddns.org/media/sapl/public/materialegislativa/2025/4662/projeto_de_emenda_modificativa_no_31_de_2025_aurelio_barros_emenda_impositiva_2026.pdf","data_ultima_atualizacao":"2025-12-09T13:36:24.740938-03:00","ip":"192.168.1.64","ultima_edicao":"2025-12-03T12:13:03.430506-03:00","tipo":14,"regime_tramitacao":1,"tipo_origem_externa":null,"local_origem_externa":null,"user":53,"anexadas":[],"autores":[45]}