{"id":742,"__str__":"Indica\u00e7\u00e3o n\u00ba 295 de 2019","metadata":{},"numero":295,"ano":2019,"numero_protocolo":680,"data_apresentacao":"2019-12-16","tipo_apresentacao":"E","data_publicacao":null,"numero_origem_externa":"","ano_origem_externa":null,"data_origem_externa":null,"apelido":"","dias_prazo":null,"data_fim_prazo":null,"em_tramitacao":false,"polemica":false,"objeto":"","complementar":false,"ementa":"Disp\u00f5e sobre solicitar ao Exmo. Sr. Prefeito a cria\u00e7\u00e3o do Programa Refor\u00e7o Escolar na Rede P\u00fablica de ensino.","indexacao":"reforco escola","observacao":"","resultado":"","texto_original":"https://sapl-cmab.freeddns.org/media/sapl/public/materialegislativa/2019/742/ind_295.19_dida_reforco_escolar.pdf","data_ultima_atualizacao":"2024-04-15T14:28:41.294254-03:00","ip":"192.168.88.133","ultima_edicao":null,"tipo":10,"regime_tramitacao":1,"tipo_origem_externa":null,"local_origem_externa":null,"user":10,"anexadas":[],"autores":[1]}