{"id":798,"__str__":"Indica\u00e7\u00e3o n\u00ba 27 de 2020","metadata":{},"numero":27,"ano":2020,"numero_protocolo":29,"data_apresentacao":"2020-02-17","tipo_apresentacao":"E","data_publicacao":null,"numero_origem_externa":"","ano_origem_externa":null,"data_origem_externa":null,"apelido":"","dias_prazo":null,"data_fim_prazo":null,"em_tramitacao":false,"polemica":false,"objeto":"","complementar":false,"ementa":"Disp\u00f5e sobre solicitar ao Exmo. Sr. Prefeito que seja implementado o treino funcional na pra\u00e7a do Inefi, no bairro da Rasa.","indexacao":"treino funcional na pra\u00e7a do Inefi","observacao":"","resultado":"","texto_original":"https://sapl-cmab.freeddns.org/media/sapl/public/materialegislativa/2020/798/27-2020_-_ind_-_nilton_-_funcional_na_rasa.pdf","data_ultima_atualizacao":"2024-04-15T14:28:43.356457-03:00","ip":"192.168.88.108","ultima_edicao":null,"tipo":10,"regime_tramitacao":1,"tipo_origem_externa":null,"local_origem_externa":null,"user":7,"anexadas":[],"autores":[8]}