{"id":243,"__str__":"Ordem: Ordem do Dia/Expediente: 1 - Proposta de Emenda \u00e0 Lei Org\u00e2nica n\u00ba 2 de 2023 em 78\u00aa Sess\u00e3o Ordin\u00e1ria da 4\u00aa Sess\u00e3o Legislativa da 7\u00aa Legislatura - Requerente: Ver. Rafael Aguiar - Mat\u00e9ria: Proposta de Emenda \u00e0 Lei Org\u00e2nica n\u00ba 2 de 2023","metadata":{},"data":"2024-12-10","observacao":"Retirada referendada por decis\u00e3o unanime dos parlamentares ap\u00f3s requerimento verbal do vereador Rafael Aguiar.","materia":3315,"sessao_plenaria":499,"ordem":3263,"expediente":null,"parlamentar":13,"tipo_de_retirada":3}