{"id":255,"__str__":"Ordem: None - Requerente: Ver. Uriel da Sa\u00fade - Mat\u00e9ria: Indica\u00e7\u00e3o n\u00ba 90 de 2025","metadata":{},"data":"2025-03-27","observacao":"Retirada de pauta por solicita\u00e7\u00e3o verbal do Vereador Autor.","materia":4033,"sessao_plenaria":525,"ordem":null,"expediente":4184,"parlamentar":18,"tipo_de_retirada":1}