{"id":256,"__str__":"Ordem: Ordem do Dia/Expediente: 9 - Indica\u00e7\u00e3o n\u00ba 90 de 2025 em 13\u00aa Sess\u00e3o Ordin\u00e1ria da 1\u00aa Sess\u00e3o Legislativa da 8\u00aa Legislatura - Requerente: Ver. Uriel da Sa\u00fade - Mat\u00e9ria: Indica\u00e7\u00e3o n\u00ba 90 de 2025","metadata":{},"data":"2025-03-27","observacao":"Retirada de pauta por solicita\u00e7\u00e3o verbal do Vereador Autor.","materia":4033,"sessao_plenaria":525,"ordem":3439,"expediente":null,"parlamentar":18,"tipo_de_retirada":1}