{"id":276,"__str__":"Ordem: Ordem do Dia/Expediente: 3 - Indica\u00e7\u00e3o n\u00ba 183 de 2025 em 40\u00aa Sess\u00e3o Ordin\u00e1ria da 1\u00aa Sess\u00e3o Legislativa da 8\u00aa Legislatura - Requerente: Ver. Uriel da Sa\u00fade - Mat\u00e9ria: Indica\u00e7\u00e3o n\u00ba 183 de 2025","metadata":{},"data":"2025-08-14","observacao":"Mat\u00e9ria retirada de pauta por solicita\u00e7\u00e3o verbal do vereador autor","materia":4378,"sessao_plenaria":564,"ordem":3806,"expediente":null,"parlamentar":18,"tipo_de_retirada":1}