{"id":295,"__str__":"Ordem: Ordem do Dia/Expediente: 4 - Indica\u00e7\u00e3o n\u00ba 2 de 2026 em 1\u00aa Sess\u00e3o Ordin\u00e1ria da 2\u00aa Sess\u00e3o Legislativa da 8\u00aa Legislatura - Requerente: Ver. Raphael Braga - Mat\u00e9ria: Indica\u00e7\u00e3o n\u00ba 2 de 2026","metadata":{},"data":"2026-02-03","observacao":"Retirada de Pauta por solicita\u00e7\u00e3o verbal do Vereador Autor.","materia":4696,"sessao_plenaria":600,"ordem":4068,"expediente":null,"parlamentar":17,"tipo_de_retirada":1}