{"id":296,"__str__":"Ordem: Ordem do Dia/Expediente: 6 - Indica\u00e7\u00e3o n\u00ba 4 de 2026 em 1\u00aa Sess\u00e3o Ordin\u00e1ria da 2\u00aa Sess\u00e3o Legislativa da 8\u00aa Legislatura - Requerente: Ver. Josue Pereira - Mat\u00e9ria: Indica\u00e7\u00e3o n\u00ba 4 de 2026","metadata":{},"data":"2026-02-03","observacao":"Retirada de Pauta por solicita\u00e7\u00e3o verbal do Vereador Autor.","materia":4698,"sessao_plenaria":600,"ordem":4070,"expediente":null,"parlamentar":5,"tipo_de_retirada":1}