{"id":78,"__str__":"Ordem: Ordem do Dia/Expediente: 5 - Indica\u00e7\u00e3o n\u00ba 21 de 2020 em 4\u00aa Sess\u00e3o Ordin\u00e1ria da 4\u00aa Sess\u00e3o Legislativa da 6\u00aa Legislatura - Requerente: None - Mat\u00e9ria: Indica\u00e7\u00e3o n\u00ba 21 de 2020","metadata":{},"data":"2020-02-13","observacao":"Vereador Valmir Nobre","materia":790,"sessao_plenaria":100,"ordem":676,"expediente":null,"parlamentar":null,"tipo_de_retirada":2}